{"id":674,"date":"2021-12-29T07:36:27","date_gmt":"2021-12-29T06:36:27","guid":{"rendered":"http:\/\/ideaventures.pl\/?p=674"},"modified":"2022-02-27T07:42:25","modified_gmt":"2022-02-27T06:42:25","slug":"magyar-telekom-wydluza-umowe-z-marc-dorcel","status":"publish","type":"post","link":"https:\/\/ideaventures.pl\/pl\/magyar-telekom-wydluza-umowe-z-marc-dorcel\/","title":{"rendered":"MAGYAR TELEKOM wyd\u0142u\u017ca umow\u0119 z MARC DORCEL"},"content":{"rendered":"<p><img loading=\"lazy\" decoding=\"async\" class=\"alignnone wp-image-675 size-thumbnail\" src=\"http:\/\/ideaventures.pl\/wp-content\/uploads\/2022\/02\/Magyar-Telekom-Logo-150x150.png\" alt=\"\" width=\"150\" height=\"150\" srcset=\"https:\/\/ideaventures.pl\/wp-content\/uploads\/2022\/02\/Magyar-Telekom-Logo-150x150.png 150w, https:\/\/ideaventures.pl\/wp-content\/uploads\/2022\/02\/Magyar-Telekom-Logo.png 220w\" sizes=\"auto, (max-width: 150px) 100vw, 150px\" \/><\/p>\n<p>MAGYAR TELEKOM najwi\u0119kszy operator telekomunikacyjny na W\u0119grzech wyd\u0142u\u017cy\u0142 umow\u0119 z MARC DORCEL oferuj\u0105c swoim abonentom kana\u0142 DORCEL XXX.<\/p>","protected":false},"excerpt":{"rendered":"<p>MAGYAR TELEKOM najwi\u0119kszy operator telekomunikacyjny na W\u0119grzech wyd\u0142u\u017cy\u0142 umow\u0119 z MARC DORCEL oferuj\u0105c swoim abonentom kana\u0142 DORCEL XXX.<\/p>\n","protected":false},"author":2,"featured_media":0,"comment_status":"open","ping_status":"open","sticky":false,"template":"","format":"standard","meta":{"footnotes":""},"categories":[1],"tags":[],"class_list":["post-674","post","type-post","status-publish","format-standard","hentry","category-bez-kategorii"],"yoast_head":"<!-- This site is optimized with the Yoast SEO plugin v26.0 - https:\/\/yoast.com\/wordpress\/plugins\/seo\/ -->\n<title>MAGYAR TELEKOM wyd\u0142u\u017ca umow\u0119 z MARC DORCEL &#8211; Idea Ventures<\/title>\n<meta name=\"robots\" content=\"index, follow, max-snippet:-1, max-image-preview:large, max-video-preview:-1\" \/>\n<link rel=\"canonical\" href=\"https:\/\/ideaventures.pl\/pl\/magyar-telekom-wydluza-umowe-z-marc-dorcel\/\" \/>\n<meta property=\"og:locale\" content=\"pl_PL\" \/>\n<meta property=\"og:type\" content=\"article\" \/>\n<meta property=\"og:title\" content=\"MAGYAR TELEKOM wyd\u0142u\u017ca umow\u0119 z MARC DORCEL &#8211; Idea Ventures\" \/>\n<meta property=\"og:description\" content=\"MAGYAR TELEKOM najwi\u0119kszy operator telekomunikacyjny na W\u0119grzech wyd\u0142u\u017cy\u0142 umow\u0119 z MARC DORCEL oferuj\u0105c swoim abonentom kana\u0142 DORCEL XXX.\" \/>\n<meta property=\"og:url\" content=\"https:\/\/ideaventures.pl\/pl\/magyar-telekom-wydluza-umowe-z-marc-dorcel\/\" \/>\n<meta property=\"og:site_name\" content=\"Idea Ventures\" \/>\n<meta property=\"article:published_time\" content=\"2021-12-29T06:36:27+00:00\" \/>\n<meta property=\"article:modified_time\" content=\"2022-02-27T06:42:25+00:00\" \/>\n<meta property=\"og:image\" content=\"http:\/\/ideaventures.pl\/wp-content\/uploads\/2022\/02\/Magyar-Telekom-Logo-150x150.png\" \/>\n<meta name=\"author\" content=\"dtzimas\" \/>\n<meta name=\"twitter:card\" content=\"summary_large_image\" \/>\n<meta name=\"twitter:creator\" content=\"@dtzimas\" \/>\n<meta name=\"twitter:label1\" content=\"Napisane przez\" \/>\n\t<meta name=\"twitter:data1\" content=\"dtzimas\" \/>\n<script type=\"application\/ld+json\" class=\"yoast-schema-graph\">{\"@context\":\"https:\/\/schema.org\",\"@graph\":[{\"@type\":\"WebPage\",\"@id\":\"https:\/\/ideaventures.pl\/pl\/magyar-telekom-wydluza-umowe-z-marc-dorcel\/\",\"url\":\"https:\/\/ideaventures.pl\/pl\/magyar-telekom-wydluza-umowe-z-marc-dorcel\/\",\"name\":\"MAGYAR TELEKOM wyd\u0142u\u017ca umow\u0119 z MARC DORCEL &#8211; Idea Ventures\",\"isPartOf\":{\"@id\":\"https:\/\/ideaventures.pl\/pl\/#website\"},\"primaryImageOfPage\":{\"@id\":\"https:\/\/ideaventures.pl\/pl\/magyar-telekom-wydluza-umowe-z-marc-dorcel\/#primaryimage\"},\"image\":{\"@id\":\"https:\/\/ideaventures.pl\/magyar-telekom-wydluza-umowe-z-marc-dorcel\/#primaryimage\"},\"thumbnailUrl\":\"http:\/\/ideaventures.pl\/wp-content\/uploads\/2022\/02\/Magyar-Telekom-Logo-150x150.png\",\"datePublished\":\"2021-12-29T06:36:27+00:00\",\"dateModified\":\"2022-02-27T06:42:25+00:00\",\"author\":{\"@id\":\"https:\/\/ideaventures.pl\/#\/schema\/person\/67bbf97f2cbb78e5a0587e541012cb64\"},\"breadcrumb\":{\"@id\":\"https:\/\/ideaventures.pl\/pl\/magyar-telekom-wydluza-umowe-z-marc-dorcel\/#breadcrumb\"},\"inLanguage\":\"pl-PL\",\"potentialAction\":[{\"@type\":\"ReadAction\",\"target\":[[\"https:\/\/ideaventures.pl\/pl\/magyar-telekom-wydluza-umowe-z-marc-dorcel\/\"]]}]},{\"@type\":\"ImageObject\",\"inLanguage\":\"pl-PL\",\"@id\":\"https:\/\/ideaventures.pl\/pl\/magyar-telekom-wydluza-umowe-z-marc-dorcel\/#primaryimage\",\"url\":\"http:\/\/ideaventures.pl\/wp-content\/uploads\/2022\/02\/Magyar-Telekom-Logo-150x150.png\",\"contentUrl\":\"http:\/\/ideaventures.pl\/wp-content\/uploads\/2022\/02\/Magyar-Telekom-Logo-150x150.png\"},{\"@type\":\"BreadcrumbList\",\"@id\":\"https:\/\/ideaventures.pl\/pl\/magyar-telekom-wydluza-umowe-z-marc-dorcel\/#breadcrumb\",\"itemListElement\":[{\"@type\":\"ListItem\",\"position\":1,\"name\":\"Home\",\"item\":\"https:\/\/ideaventures.pl\/pl\/\"},{\"@type\":\"ListItem\",\"position\":2,\"name\":\"MAGYAR TELEKOM wyd\u0142u\u017ca umow\u0119 z MARC DORCEL\"}]},{\"@type\":\"WebSite\",\"@id\":\"https:\/\/ideaventures.pl\/pl\/#website\",\"url\":\"https:\/\/ideaventures.pl\/pl\/\",\"name\":\"Idea Ventures\",\"description\":\"We are specialized in building distribution for television channels, video content and in developing media products in Poland and CEE region.\",\"potentialAction\":[{\"@type\":\"SearchAction\",\"target\":{\"@type\":\"EntryPoint\",\"urlTemplate\":\"https:\/\/ideaventures.pl\/pl\/?s={search_term_string}\"},\"query-input\":{\"@type\":\"PropertyValueSpecification\",\"valueRequired\":true,\"valueName\":\"search_term_string\"}}],\"inLanguage\":\"pl-PL\"},{\"@type\":\"Person\",\"@id\":\"https:\/\/ideaventures.pl\/#\/schema\/person\/67bbf97f2cbb78e5a0587e541012cb64\",\"name\":\"dtzimas\",\"image\":{\"@type\":\"ImageObject\",\"inLanguage\":\"pl-PL\",\"@id\":\"https:\/\/ideaventures.pl\/pl\/#\/schema\/person\/image\/\",\"url\":\"https:\/\/secure.gravatar.com\/avatar\/ca1fe1571b9b83c65ab614b425c0aff4fa23d9ff8631d6fa40bc063059066863?s=96&d=blank&r=g\",\"contentUrl\":\"https:\/\/secure.gravatar.com\/avatar\/ca1fe1571b9b83c65ab614b425c0aff4fa23d9ff8631d6fa40bc063059066863?s=96&d=blank&r=g\",\"caption\":\"dtzimas\"},\"sameAs\":[\"https:\/\/x.com\/dtzimas\"],\"url\":\"https:\/\/ideaventures.pl\/pl\/author\/dtzimas\/\"}]}<\/script>\n<!-- \/ Yoast SEO plugin. -->","yoast_head_json":{"title":"MAGYAR TELEKOM wyd\u0142u\u017ca umow\u0119 z MARC DORCEL &#8211; Idea Ventures","robots":{"index":"index","follow":"follow","max-snippet":"max-snippet:-1","max-image-preview":"max-image-preview:large","max-video-preview":"max-video-preview:-1"},"canonical":"https:\/\/ideaventures.pl\/pl\/magyar-telekom-wydluza-umowe-z-marc-dorcel\/","og_locale":"pl_PL","og_type":"article","og_title":"MAGYAR TELEKOM wyd\u0142u\u017ca umow\u0119 z MARC DORCEL &#8211; Idea Ventures","og_description":"MAGYAR TELEKOM najwi\u0119kszy operator telekomunikacyjny na W\u0119grzech wyd\u0142u\u017cy\u0142 umow\u0119 z MARC DORCEL oferuj\u0105c swoim abonentom kana\u0142 DORCEL XXX.","og_url":"https:\/\/ideaventures.pl\/pl\/magyar-telekom-wydluza-umowe-z-marc-dorcel\/","og_site_name":"Idea Ventures","article_published_time":"2021-12-29T06:36:27+00:00","article_modified_time":"2022-02-27T06:42:25+00:00","og_image":[{"url":"http:\/\/ideaventures.pl\/wp-content\/uploads\/2022\/02\/Magyar-Telekom-Logo-150x150.png","type":"","width":"","height":""}],"author":"dtzimas","twitter_card":"summary_large_image","twitter_creator":"@dtzimas","twitter_misc":{"Napisane przez":"dtzimas"},"schema":{"@context":"https:\/\/schema.org","@graph":[{"@type":"WebPage","@id":"https:\/\/ideaventures.pl\/pl\/magyar-telekom-wydluza-umowe-z-marc-dorcel\/","url":"https:\/\/ideaventures.pl\/pl\/magyar-telekom-wydluza-umowe-z-marc-dorcel\/","name":"MAGYAR TELEKOM wyd\u0142u\u017ca umow\u0119 z MARC DORCEL &#8211; Idea Ventures","isPartOf":{"@id":"https:\/\/ideaventures.pl\/pl\/#website"},"primaryImageOfPage":{"@id":"https:\/\/ideaventures.pl\/pl\/magyar-telekom-wydluza-umowe-z-marc-dorcel\/#primaryimage"},"image":{"@id":"https:\/\/ideaventures.pl\/magyar-telekom-wydluza-umowe-z-marc-dorcel\/#primaryimage"},"thumbnailUrl":"http:\/\/ideaventures.pl\/wp-content\/uploads\/2022\/02\/Magyar-Telekom-Logo-150x150.png","datePublished":"2021-12-29T06:36:27+00:00","dateModified":"2022-02-27T06:42:25+00:00","author":{"@id":"https:\/\/ideaventures.pl\/#\/schema\/person\/67bbf97f2cbb78e5a0587e541012cb64"},"breadcrumb":{"@id":"https:\/\/ideaventures.pl\/pl\/magyar-telekom-wydluza-umowe-z-marc-dorcel\/#breadcrumb"},"inLanguage":"pl-PL","potentialAction":[{"@type":"ReadAction","target":[["https:\/\/ideaventures.pl\/pl\/magyar-telekom-wydluza-umowe-z-marc-dorcel\/"]]}]},{"@type":"ImageObject","inLanguage":"pl-PL","@id":"https:\/\/ideaventures.pl\/pl\/magyar-telekom-wydluza-umowe-z-marc-dorcel\/#primaryimage","url":"http:\/\/ideaventures.pl\/wp-content\/uploads\/2022\/02\/Magyar-Telekom-Logo-150x150.png","contentUrl":"http:\/\/ideaventures.pl\/wp-content\/uploads\/2022\/02\/Magyar-Telekom-Logo-150x150.png"},{"@type":"BreadcrumbList","@id":"https:\/\/ideaventures.pl\/pl\/magyar-telekom-wydluza-umowe-z-marc-dorcel\/#breadcrumb","itemListElement":[{"@type":"ListItem","position":1,"name":"Home","item":"https:\/\/ideaventures.pl\/pl\/"},{"@type":"ListItem","position":2,"name":"MAGYAR TELEKOM wyd\u0142u\u017ca umow\u0119 z MARC DORCEL"}]},{"@type":"WebSite","@id":"https:\/\/ideaventures.pl\/pl\/#website","url":"https:\/\/ideaventures.pl\/pl\/","name":"Idea Ventures","description":"We are specialized in building distribution for television channels, video content and in developing media products in Poland and CEE region.","potentialAction":[{"@type":"SearchAction","target":{"@type":"EntryPoint","urlTemplate":"https:\/\/ideaventures.pl\/pl\/?s={search_term_string}"},"query-input":{"@type":"PropertyValueSpecification","valueRequired":true,"valueName":"search_term_string"}}],"inLanguage":"pl-PL"},{"@type":"Person","@id":"https:\/\/ideaventures.pl\/#\/schema\/person\/67bbf97f2cbb78e5a0587e541012cb64","name":"dtzimas","image":{"@type":"ImageObject","inLanguage":"pl-PL","@id":"https:\/\/ideaventures.pl\/pl\/#\/schema\/person\/image\/","url":"https:\/\/secure.gravatar.com\/avatar\/ca1fe1571b9b83c65ab614b425c0aff4fa23d9ff8631d6fa40bc063059066863?s=96&d=blank&r=g","contentUrl":"https:\/\/secure.gravatar.com\/avatar\/ca1fe1571b9b83c65ab614b425c0aff4fa23d9ff8631d6fa40bc063059066863?s=96&d=blank&r=g","caption":"dtzimas"},"sameAs":["https:\/\/x.com\/dtzimas"],"url":"https:\/\/ideaventures.pl\/pl\/author\/dtzimas\/"}]}},"_links":{"self":[{"href":"https:\/\/ideaventures.pl\/pl\/wp-json\/wp\/v2\/posts\/674","targetHints":{"allow":["GET"]}}],"collection":[{"href":"https:\/\/ideaventures.pl\/pl\/wp-json\/wp\/v2\/posts"}],"about":[{"href":"https:\/\/ideaventures.pl\/pl\/wp-json\/wp\/v2\/types\/post"}],"author":[{"embeddable":true,"href":"https:\/\/ideaventures.pl\/pl\/wp-json\/wp\/v2\/users\/2"}],"replies":[{"embeddable":true,"href":"https:\/\/ideaventures.pl\/pl\/wp-json\/wp\/v2\/comments?post=674"}],"version-history":[{"count":1,"href":"https:\/\/ideaventures.pl\/pl\/wp-json\/wp\/v2\/posts\/674\/revisions"}],"predecessor-version":[{"id":676,"href":"https:\/\/ideaventures.pl\/pl\/wp-json\/wp\/v2\/posts\/674\/revisions\/676"}],"wp:attachment":[{"href":"https:\/\/ideaventures.pl\/pl\/wp-json\/wp\/v2\/media?parent=674"}],"wp:term":[{"taxonomy":"category","embeddable":true,"href":"https:\/\/ideaventures.pl\/pl\/wp-json\/wp\/v2\/categories?post=674"},{"taxonomy":"post_tag","embeddable":true,"href":"https:\/\/ideaventures.pl\/pl\/wp-json\/wp\/v2\/tags?post=674"}],"curies":[{"name":"wp","href":"https:\/\/api.w.org\/{rel}","templated":true}]}}